{"id":1414,"date":"2018-09-01T11:31:03","date_gmt":"2018-09-01T11:31:03","guid":{"rendered":"http:\/\/www.mczgroup.it\/press\/meglio-una-stufa-o-un-caminetto\/"},"modified":"2019-03-23T11:08:39","modified_gmt":"2019-03-23T11:08:39","slug":"vaut-il-mieux-un-poele-ou-un-foyer-ferme","status":"publish","type":"post","link":"https:\/\/www.mczgroup.it\/fr\/presse\/vaut-il-mieux-un-poele-ou-un-foyer-ferme\/","title":{"rendered":"Vaut-il mieux un po\u00eale ou un foyer ferm\u00e9 ?"},"content":{"rendered":"<section class=\"wpb-content-wrapper\"><p>[vc_row][vc_column][vc_column_text el_id=\u00a0\u00bbbreadcrumbs\u00a0\u00bb]<span><span><a href=\"https:\/\/www.mczgroup.it\/fr\/\">MCZ GROUP<\/a><\/span><\/span>[\/vc_column_text][\/vc_column][\/vc_row][vc_row][vc_column width=\u00a0\u00bb10\/12&Prime;][vc_single_image image=\u00a0\u00bb1033&Prime; img_size=\u00a0\u00bbfull\u00a0\u00bb][\/vc_column][vc_column width=\u00a0\u00bb2\/12&Prime;][\/vc_column][\/vc_row][vc_row][vc_column width=\u00a0\u00bb5\/12&Prime;][vc_empty_space height=\u00a0\u00bb20px\u00a0\u00bb][vc_btn title=\u00a0\u00bbT\u00e9l\u00e9charger le communiqu\u00e9\u00a0\u00bb style=\u00a0\u00bbclassic\u00a0\u00bb shape=\u00a0\u00bbsquare\u00a0\u00bb color=\u00a0\u00bbwhite\u00a0\u00bb align=\u00a0\u00bbcenter\u00a0\u00bb el_class=\u00a0\u00bbbtn-primary\u00a0\u00bb link=\u00a0\u00bburl:http%3A%2F%2Fwww.mczgroup.it%2Fmedia%2FMCZ_Poele_ou_cheminee.pdf||target:%20_blank|\u00a0\u00bb][\/vc_column][vc_column width=\u00a0\u00bb7\/12&Prime; el_class=\u00a0\u00bbpress-text\u00a0\u00bb][vc_column_text]<\/p>\n<h1>Vaut-il mieux un po\u00eale ou un foyer ferm\u00e9 ?<\/h1>\n<p>Les premiers froids donnent envie de rendre sa maison encore plus chaleureuse. MCZ Group propose l\u2019une des plus vastes gammes de foyers ferm\u00e9s et de po\u00eales sur le march\u00e9, en mesure de r\u00e9pondre \u00e0 toutes les exigences.<\/p>\n<p>Mais vaut-il mieux choisir un foyer ferm\u00e9 ou un po\u00eale ?<\/p>\n<p>Come toujours, le secret consiste \u00e0 s\u2019\u00e9claircir les id\u00e9es et \u00e0 comprendre ce dont on a r\u00e9ellement besoin. Voici quelques questions qui peuvent aider \u00e0 faire le bon choix.[\/vc_column_text][\/vc_column][\/vc_row][vc_row][vc_column][vc_empty_space height=\u00a0\u00bb100px\u00a0\u00bb][\/vc_column][\/vc_row]<\/p>\n<\/section>","protected":false},"excerpt":{"rendered":"<h2>Vaut-il mieux un po\u00eale ou un foyer ferm\u00e9 ?<\/h2>\n<p>Le secret consiste \u00e0 s\u2019\u00e9claircir les id\u00e9es et \u00e0 comprendre ce dont on a r\u00e9ellement besoin. Voici quelques questions qui peuvent aider \u00e0 faire le bon choix.<\/p>\n","protected":false},"author":1,"featured_media":1033,"comment_status":"closed","ping_status":"closed","sticky":false,"template":"","format":"standard","meta":[],"categories":[3],"tags":[],"yoast_head":"<!-- This site is optimized with the Yoast SEO plugin v20.7 - https:\/\/yoast.com\/wordpress\/plugins\/seo\/ -->\n<title>Vaut-il mieux un po\u00eale ou un foyer ferm\u00e9 ? - Mcz Group<\/title>\n<meta name=\"robots\" content=\"index, follow, max-snippet:-1, max-image-preview:large, max-video-preview:-1\" \/>\n<link rel=\"canonical\" href=\"https:\/\/www.mczgroup.it\/fr\/presse\/vaut-il-mieux-un-poele-ou-un-foyer-ferme\/\" \/>\n<meta property=\"og:locale\" content=\"fr_FR\" \/>\n<meta property=\"og:type\" content=\"article\" \/>\n<meta property=\"og:title\" content=\"Vaut-il mieux un po\u00eale ou un foyer ferm\u00e9 ? - Mcz Group\" \/>\n<meta property=\"og:description\" content=\"Vaut-il mieux un po\u00eale ou un foyer ferm\u00e9 ?Le secret consiste \u00e0 s\u2019\u00e9claircir les id\u00e9es et \u00e0 comprendre ce dont on a r\u00e9ellement besoin. Voici quelques questions qui peuvent aider \u00e0 faire le bon choix.\" \/>\n<meta property=\"og:url\" content=\"https:\/\/www.mczgroup.it\/fr\/presse\/vaut-il-mieux-un-poele-ou-un-foyer-ferme\/\" \/>\n<meta property=\"og:site_name\" content=\"Mcz Group\" \/>\n<meta property=\"article:published_time\" content=\"2018-09-01T11:31:03+00:00\" \/>\n<meta property=\"article:modified_time\" content=\"2019-03-23T11:08:39+00:00\" \/>\n<meta property=\"og:image\" content=\"https:\/\/www.mczgroup.it\/wp-content\/uploads\/comunicato-stampa-stufa-camino.jpg\" \/>\n\t<meta property=\"og:image:width\" content=\"920\" \/>\n\t<meta property=\"og:image:height\" content=\"613\" \/>\n\t<meta property=\"og:image:type\" content=\"image\/jpeg\" \/>\n<meta name=\"author\" content=\"Carlo\" \/>\n<meta name=\"twitter:card\" content=\"summary_large_image\" \/>\n<meta name=\"twitter:label1\" content=\"\u00c9crit par\" \/>\n\t<meta name=\"twitter:data1\" content=\"Carlo\" \/>\n\t<meta name=\"twitter:label2\" content=\"Dur\u00e9e de lecture estim\u00e9e\" \/>\n\t<meta name=\"twitter:data2\" content=\"1 minute\" \/>\n<script type=\"application\/ld+json\" class=\"yoast-schema-graph\">{\"@context\":\"https:\/\/schema.org\",\"@graph\":[{\"@type\":\"WebPage\",\"@id\":\"https:\/\/www.mczgroup.it\/fr\/presse\/vaut-il-mieux-un-poele-ou-un-foyer-ferme\/\",\"url\":\"https:\/\/www.mczgroup.it\/fr\/presse\/vaut-il-mieux-un-poele-ou-un-foyer-ferme\/\",\"name\":\"Vaut-il mieux un po\u00eale ou un foyer ferm\u00e9 ? - Mcz Group\",\"isPartOf\":{\"@id\":\"https:\/\/www.mczgroup.it\/it\/#website\"},\"datePublished\":\"2018-09-01T11:31:03+00:00\",\"dateModified\":\"2019-03-23T11:08:39+00:00\",\"author\":{\"@id\":\"https:\/\/www.mczgroup.it\/it\/#\/schema\/person\/3f011eaaf79d0cd37830317849726aa8\"},\"breadcrumb\":{\"@id\":\"https:\/\/www.mczgroup.it\/fr\/presse\/vaut-il-mieux-un-poele-ou-un-foyer-ferme\/#breadcrumb\"},\"inLanguage\":\"fr-FR\",\"potentialAction\":[{\"@type\":\"ReadAction\",\"target\":[\"https:\/\/www.mczgroup.it\/fr\/presse\/vaut-il-mieux-un-poele-ou-un-foyer-ferme\/\"]}]},{\"@type\":\"BreadcrumbList\",\"@id\":\"https:\/\/www.mczgroup.it\/fr\/presse\/vaut-il-mieux-un-poele-ou-un-foyer-ferme\/#breadcrumb\",\"itemListElement\":[{\"@type\":\"ListItem\",\"position\":1,\"name\":\"MCZ GROUP\",\"item\":\"https:\/\/www.mczgroup.it\/fr\/\"},{\"@type\":\"ListItem\",\"position\":2,\"name\":\"Presse\",\"item\":\"https:\/\/www.mczgroup.it\/fr\/.\/presse\/\"},{\"@type\":\"ListItem\",\"position\":3,\"name\":\"Vaut-il mieux un po\u00eale ou un foyer ferm\u00e9 ?\"}]},{\"@type\":\"WebSite\",\"@id\":\"https:\/\/www.mczgroup.it\/it\/#website\",\"url\":\"https:\/\/www.mczgroup.it\/it\/\",\"name\":\"Mcz Group\",\"description\":\"\",\"potentialAction\":[{\"@type\":\"SearchAction\",\"target\":{\"@type\":\"EntryPoint\",\"urlTemplate\":\"https:\/\/www.mczgroup.it\/it\/?s={search_term_string}\"},\"query-input\":\"required name=search_term_string\"}],\"inLanguage\":\"fr-FR\"},{\"@type\":\"Person\",\"@id\":\"https:\/\/www.mczgroup.it\/it\/#\/schema\/person\/3f011eaaf79d0cd37830317849726aa8\",\"name\":\"Carlo\",\"image\":{\"@type\":\"ImageObject\",\"inLanguage\":\"fr-FR\",\"@id\":\"https:\/\/www.mczgroup.it\/it\/#\/schema\/person\/image\/\",\"url\":\"https:\/\/secure.gravatar.com\/avatar\/b761613260a7f15c85eff1e4fbe696a5?s=96&d=mm&r=g\",\"contentUrl\":\"https:\/\/secure.gravatar.com\/avatar\/b761613260a7f15c85eff1e4fbe696a5?s=96&d=mm&r=g\",\"caption\":\"Carlo\"}}]}<\/script>\n<!-- \/ Yoast SEO plugin. -->","yoast_head_json":{"title":"Vaut-il mieux un po\u00eale ou un foyer ferm\u00e9 ? - Mcz Group","robots":{"index":"index","follow":"follow","max-snippet":"max-snippet:-1","max-image-preview":"max-image-preview:large","max-video-preview":"max-video-preview:-1"},"canonical":"https:\/\/www.mczgroup.it\/fr\/presse\/vaut-il-mieux-un-poele-ou-un-foyer-ferme\/","og_locale":"fr_FR","og_type":"article","og_title":"Vaut-il mieux un po\u00eale ou un foyer ferm\u00e9 ? - Mcz Group","og_description":"Vaut-il mieux un po\u00eale ou un foyer ferm\u00e9 ?Le secret consiste \u00e0 s\u2019\u00e9claircir les id\u00e9es et \u00e0 comprendre ce dont on a r\u00e9ellement besoin. Voici quelques questions qui peuvent aider \u00e0 faire le bon choix.","og_url":"https:\/\/www.mczgroup.it\/fr\/presse\/vaut-il-mieux-un-poele-ou-un-foyer-ferme\/","og_site_name":"Mcz Group","article_published_time":"2018-09-01T11:31:03+00:00","article_modified_time":"2019-03-23T11:08:39+00:00","og_image":[{"width":920,"height":613,"url":"https:\/\/www.mczgroup.it\/wp-content\/uploads\/comunicato-stampa-stufa-camino.jpg","type":"image\/jpeg"}],"author":"Carlo","twitter_card":"summary_large_image","twitter_misc":{"\u00c9crit par":"Carlo","Dur\u00e9e de lecture estim\u00e9e":"1 minute"},"schema":{"@context":"https:\/\/schema.org","@graph":[{"@type":"WebPage","@id":"https:\/\/www.mczgroup.it\/fr\/presse\/vaut-il-mieux-un-poele-ou-un-foyer-ferme\/","url":"https:\/\/www.mczgroup.it\/fr\/presse\/vaut-il-mieux-un-poele-ou-un-foyer-ferme\/","name":"Vaut-il mieux un po\u00eale ou un foyer ferm\u00e9 ? - Mcz Group","isPartOf":{"@id":"https:\/\/www.mczgroup.it\/it\/#website"},"datePublished":"2018-09-01T11:31:03+00:00","dateModified":"2019-03-23T11:08:39+00:00","author":{"@id":"https:\/\/www.mczgroup.it\/it\/#\/schema\/person\/3f011eaaf79d0cd37830317849726aa8"},"breadcrumb":{"@id":"https:\/\/www.mczgroup.it\/fr\/presse\/vaut-il-mieux-un-poele-ou-un-foyer-ferme\/#breadcrumb"},"inLanguage":"fr-FR","potentialAction":[{"@type":"ReadAction","target":["https:\/\/www.mczgroup.it\/fr\/presse\/vaut-il-mieux-un-poele-ou-un-foyer-ferme\/"]}]},{"@type":"BreadcrumbList","@id":"https:\/\/www.mczgroup.it\/fr\/presse\/vaut-il-mieux-un-poele-ou-un-foyer-ferme\/#breadcrumb","itemListElement":[{"@type":"ListItem","position":1,"name":"MCZ GROUP","item":"https:\/\/www.mczgroup.it\/fr\/"},{"@type":"ListItem","position":2,"name":"Presse","item":"https:\/\/www.mczgroup.it\/fr\/.\/presse\/"},{"@type":"ListItem","position":3,"name":"Vaut-il mieux un po\u00eale ou un foyer ferm\u00e9 ?"}]},{"@type":"WebSite","@id":"https:\/\/www.mczgroup.it\/it\/#website","url":"https:\/\/www.mczgroup.it\/it\/","name":"Mcz Group","description":"","potentialAction":[{"@type":"SearchAction","target":{"@type":"EntryPoint","urlTemplate":"https:\/\/www.mczgroup.it\/it\/?s={search_term_string}"},"query-input":"required name=search_term_string"}],"inLanguage":"fr-FR"},{"@type":"Person","@id":"https:\/\/www.mczgroup.it\/it\/#\/schema\/person\/3f011eaaf79d0cd37830317849726aa8","name":"Carlo","image":{"@type":"ImageObject","inLanguage":"fr-FR","@id":"https:\/\/www.mczgroup.it\/it\/#\/schema\/person\/image\/","url":"https:\/\/secure.gravatar.com\/avatar\/b761613260a7f15c85eff1e4fbe696a5?s=96&d=mm&r=g","contentUrl":"https:\/\/secure.gravatar.com\/avatar\/b761613260a7f15c85eff1e4fbe696a5?s=96&d=mm&r=g","caption":"Carlo"}}]}},"_links":{"self":[{"href":"https:\/\/www.mczgroup.it\/fr\/wp-json\/wp\/v2\/posts\/1414"}],"collection":[{"href":"https:\/\/www.mczgroup.it\/fr\/wp-json\/wp\/v2\/posts"}],"about":[{"href":"https:\/\/www.mczgroup.it\/fr\/wp-json\/wp\/v2\/types\/post"}],"author":[{"embeddable":true,"href":"https:\/\/www.mczgroup.it\/fr\/wp-json\/wp\/v2\/users\/1"}],"replies":[{"embeddable":true,"href":"https:\/\/www.mczgroup.it\/fr\/wp-json\/wp\/v2\/comments?post=1414"}],"version-history":[{"count":3,"href":"https:\/\/www.mczgroup.it\/fr\/wp-json\/wp\/v2\/posts\/1414\/revisions"}],"predecessor-version":[{"id":1422,"href":"https:\/\/www.mczgroup.it\/fr\/wp-json\/wp\/v2\/posts\/1414\/revisions\/1422"}],"wp:featuredmedia":[{"embeddable":true,"href":"https:\/\/www.mczgroup.it\/fr\/wp-json\/wp\/v2\/media\/1033"}],"wp:attachment":[{"href":"https:\/\/www.mczgroup.it\/fr\/wp-json\/wp\/v2\/media?parent=1414"}],"wp:term":[{"taxonomy":"category","embeddable":true,"href":"https:\/\/www.mczgroup.it\/fr\/wp-json\/wp\/v2\/categories?post=1414"},{"taxonomy":"post_tag","embeddable":true,"href":"https:\/\/www.mczgroup.it\/fr\/wp-json\/wp\/v2\/tags?post=1414"}],"curies":[{"name":"wp","href":"https:\/\/api.w.org\/{rel}","templated":true}]}}