{"id":2474,"date":"2020-01-24T09:47:43","date_gmt":"2020-01-24T08:47:43","guid":{"rendered":"https:\/\/www.mczgroup.it\/presse\/intervista-a-patricia-urquiola\/"},"modified":"2020-01-24T11:08:39","modified_gmt":"2020-01-24T10:08:39","slug":"interview-a-patricia-urquiola","status":"publish","type":"post","link":"https:\/\/www.mczgroup.it\/fr\/presse\/interview-a-patricia-urquiola\/","title":{"rendered":"Interview \u00e0 Patricia Urquiola"},"content":{"rendered":"<section class=\"wpb-content-wrapper\"><p>[vc_row][vc_column][vc_column_text el_id=\u00a0\u00bbbreadcrumbs\u00a0\u00bb]<span><span><a href=\"https:\/\/www.mczgroup.it\/fr\/\">MCZ GROUP<\/a><\/span><\/span>[\/vc_column_text][\/vc_column][\/vc_row][vc_row][vc_column width=\u00a0\u00bb10\/12&Prime;][vc_single_image image=\u00a0\u00bb2469&Prime; img_size=\u00a0\u00bbfull\u00a0\u00bb][\/vc_column][vc_column width=\u00a0\u00bb2\/12&Prime;][\/vc_column][\/vc_row][vc_row][vc_column width=\u00a0\u00bb5\/12&Prime;][vc_empty_space height=\u00a0\u00bb20px\u00a0\u00bb][vc_btn title=\u00a0\u00bbT\u00e9l\u00e9chargez le communiqu\u00e9\u00a0\u00bb style=\u00a0\u00bbclassic\u00a0\u00bb shape=\u00a0\u00bbsquare\u00a0\u00bb color=\u00a0\u00bbwhite\u00a0\u00bb align=\u00a0\u00bbcenter\u00a0\u00bb el_class=\u00a0\u00bbbtn-primary\u00a0\u00bb link=\u00a0\u00bburl:https%3A%2F%2Fwww.mczgroup.it%2Fwp-content%2Fuploads%2FCS_MCZ_intervista_Urquiola_fr.pdf||target:%20_blank|\u00a0\u00bb][\/vc_column][vc_column width=\u00a0\u00bb7\/12&Prime; el_class=\u00a0\u00bbpress-text\u00a0\u00bb][vc_column_text]<\/p>\n<h1>LE PO\u00caLE WALL DE PATRICIA URQUIOLA POUR MCZ : \u00c9L\u00c9MENT ARCHITECTURAL SOUS LE SIGNE DE LA DURABILIT\u00c9 ENVIRONNEMENTALE<\/h1>\n<p class=\"p1\">\u00ab\u00a0J\u2019ai pens\u00e9 \u00e0 un po\u00eale en tant qu\u2019\u00e9l\u00e9ment architectural pouvant s\u2019accorder et dialoguer avec l\u2019int\u00e9rieur de la maison dans laquelle il est ins\u00e9r\u00e9\u00a0\u00bb.<\/p>\n<p class=\"p1\">Patricia Urquiola raconte ainsi l&rsquo;histoire du projet Wall, le po\u00eale \u00e0 granul\u00e9s con\u00e7u pour la marque MCZ. Penchons-nous plus en d\u00e9tail sur le projet en nous entretenant avec la protagoniste directe, la designer Patricia Urquiola, avec la participation d\u2019Andrea Brosolo, Directeur Marketing de MCZ Group<\/p>\n<p class=\"p1\">\u00ab\u00a0Utiliser le po\u00eale \u00e0 pellets est \u00e9conomique et \u00e9cologique. L\u2019attention accord\u00e9e \u00e0 la durabilit\u00e9 et \u00e0 la recherche sont des th\u00e8mes qui me repr\u00e9sentent\u00a0\u00bb, dit la designer. \u00ab\u00a0Ces sont des th\u00e8mes qu\u2019il faut aborder en tant que designer non seulement en mati\u00e8re de chauffage, mais aussi par rapport \u00e0 tous les objets qui nous entourent. Nous devons revoir notre mani\u00e8re d\u2019utiliser l\u2019\u00e9nergie, que ce soit la production, le transport ou la consommation.\u00a0\u00bb<\/p>\n<p>[\/vc_column_text][\/vc_column][\/vc_row][vc_row][vc_column][vc_empty_space height=\u00a0\u00bb100px\u00a0\u00bb][\/vc_column][\/vc_row]<\/p>\n<\/section>","protected":false},"excerpt":{"rendered":"<h2>Le po\u00eale Wall de Patricia Urquiola per MCZ: \u00c9l\u00e9ment architectural sous le signe de la durabilit\u00e9 environnementale<\/h2>\n<p>\u00ab\u00a0J\u2019ai pens\u00e9 \u00e0 un po\u00eale en tant qu\u2019\u00e9l\u00e9ment architectural pouvant s\u2019accorder et dialoguer avec l\u2019int\u00e9rieur de la maison dans laquelle il est ins\u00e9r\u00e9\u00a0\u00bb. Patricia Urquiola raconte ainsi l&rsquo;histoire du projet Wall, le po\u00eale \u00e0 granul\u00e9s con\u00e7u pour la marque MCZ.<\/p>\n","protected":false},"author":1,"featured_media":2469,"comment_status":"closed","ping_status":"closed","sticky":false,"template":"","format":"standard","meta":[],"categories":[3],"tags":[],"yoast_head":"<!-- This site is optimized with the Yoast SEO plugin v20.7 - https:\/\/yoast.com\/wordpress\/plugins\/seo\/ -->\n<title>Interview \u00e0 Patricia Urquiola - Mcz Group<\/title>\n<meta name=\"description\" content=\"Penchons-nous plus en d\u00e9tail sur le projets du po\u00eale \u00e0 granul\u00e9s Wall, en nous entretenant avec les protagonistes directs, Patricia Urquiola et Andrea Brosolo, Directeur Marketing de MCZ Group.\" \/>\n<meta name=\"robots\" content=\"index, follow, max-snippet:-1, max-image-preview:large, max-video-preview:-1\" \/>\n<link rel=\"canonical\" href=\"https:\/\/www.mczgroup.it\/fr\/presse\/interview-a-patricia-urquiola\/\" \/>\n<meta property=\"og:locale\" content=\"fr_FR\" \/>\n<meta property=\"og:type\" content=\"article\" \/>\n<meta property=\"og:title\" content=\"Interview \u00e0 Patricia Urquiola - Mcz Group\" \/>\n<meta property=\"og:description\" content=\"Penchons-nous plus en d\u00e9tail sur le projets du po\u00eale \u00e0 granul\u00e9s Wall, en nous entretenant avec les protagonistes directs, Patricia Urquiola et Andrea Brosolo, Directeur Marketing de MCZ Group.\" \/>\n<meta property=\"og:url\" content=\"https:\/\/www.mczgroup.it\/fr\/presse\/interview-a-patricia-urquiola\/\" \/>\n<meta property=\"og:site_name\" content=\"Mcz Group\" \/>\n<meta property=\"article:published_time\" content=\"2020-01-24T08:47:43+00:00\" \/>\n<meta property=\"article:modified_time\" content=\"2020-01-24T10:08:39+00:00\" \/>\n<meta property=\"og:image\" content=\"https:\/\/www.mczgroup.it\/wp-content\/uploads\/patricia_urquiola_mczgroup_ok.jpg\" \/>\n\t<meta property=\"og:image:width\" content=\"930\" \/>\n\t<meta property=\"og:image:height\" content=\"613\" \/>\n\t<meta property=\"og:image:type\" content=\"image\/jpeg\" \/>\n<meta name=\"author\" content=\"Carlo\" \/>\n<meta name=\"twitter:card\" content=\"summary_large_image\" \/>\n<meta name=\"twitter:label1\" content=\"\u00c9crit par\" \/>\n\t<meta name=\"twitter:data1\" content=\"Carlo\" \/>\n\t<meta name=\"twitter:label2\" content=\"Dur\u00e9e de lecture estim\u00e9e\" \/>\n\t<meta name=\"twitter:data2\" content=\"1 minute\" \/>\n<script type=\"application\/ld+json\" class=\"yoast-schema-graph\">{\"@context\":\"https:\/\/schema.org\",\"@graph\":[{\"@type\":\"WebPage\",\"@id\":\"https:\/\/www.mczgroup.it\/fr\/presse\/interview-a-patricia-urquiola\/\",\"url\":\"https:\/\/www.mczgroup.it\/fr\/presse\/interview-a-patricia-urquiola\/\",\"name\":\"Interview \u00e0 Patricia Urquiola - Mcz Group\",\"isPartOf\":{\"@id\":\"https:\/\/www.mczgroup.it\/it\/#website\"},\"datePublished\":\"2020-01-24T08:47:43+00:00\",\"dateModified\":\"2020-01-24T10:08:39+00:00\",\"author\":{\"@id\":\"https:\/\/www.mczgroup.it\/it\/#\/schema\/person\/3f011eaaf79d0cd37830317849726aa8\"},\"description\":\"Penchons-nous plus en d\u00e9tail sur le projets du po\u00eale \u00e0 granul\u00e9s Wall, en nous entretenant avec les protagonistes directs, Patricia Urquiola et Andrea Brosolo, Directeur Marketing de MCZ Group.\",\"breadcrumb\":{\"@id\":\"https:\/\/www.mczgroup.it\/fr\/presse\/interview-a-patricia-urquiola\/#breadcrumb\"},\"inLanguage\":\"fr-FR\",\"potentialAction\":[{\"@type\":\"ReadAction\",\"target\":[\"https:\/\/www.mczgroup.it\/fr\/presse\/interview-a-patricia-urquiola\/\"]}]},{\"@type\":\"BreadcrumbList\",\"@id\":\"https:\/\/www.mczgroup.it\/fr\/presse\/interview-a-patricia-urquiola\/#breadcrumb\",\"itemListElement\":[{\"@type\":\"ListItem\",\"position\":1,\"name\":\"MCZ GROUP\",\"item\":\"https:\/\/www.mczgroup.it\/fr\/\"},{\"@type\":\"ListItem\",\"position\":2,\"name\":\"Presse\",\"item\":\"https:\/\/www.mczgroup.it\/fr\/.\/presse\/\"},{\"@type\":\"ListItem\",\"position\":3,\"name\":\"Interview \u00e0 Patricia Urquiola\"}]},{\"@type\":\"WebSite\",\"@id\":\"https:\/\/www.mczgroup.it\/it\/#website\",\"url\":\"https:\/\/www.mczgroup.it\/it\/\",\"name\":\"Mcz Group\",\"description\":\"\",\"potentialAction\":[{\"@type\":\"SearchAction\",\"target\":{\"@type\":\"EntryPoint\",\"urlTemplate\":\"https:\/\/www.mczgroup.it\/it\/?s={search_term_string}\"},\"query-input\":\"required name=search_term_string\"}],\"inLanguage\":\"fr-FR\"},{\"@type\":\"Person\",\"@id\":\"https:\/\/www.mczgroup.it\/it\/#\/schema\/person\/3f011eaaf79d0cd37830317849726aa8\",\"name\":\"Carlo\",\"image\":{\"@type\":\"ImageObject\",\"inLanguage\":\"fr-FR\",\"@id\":\"https:\/\/www.mczgroup.it\/it\/#\/schema\/person\/image\/\",\"url\":\"https:\/\/secure.gravatar.com\/avatar\/b761613260a7f15c85eff1e4fbe696a5?s=96&d=mm&r=g\",\"contentUrl\":\"https:\/\/secure.gravatar.com\/avatar\/b761613260a7f15c85eff1e4fbe696a5?s=96&d=mm&r=g\",\"caption\":\"Carlo\"}}]}<\/script>\n<!-- \/ Yoast SEO plugin. -->","yoast_head_json":{"title":"Interview \u00e0 Patricia Urquiola - Mcz Group","description":"Penchons-nous plus en d\u00e9tail sur le projets du po\u00eale \u00e0 granul\u00e9s Wall, en nous entretenant avec les protagonistes directs, Patricia Urquiola et Andrea Brosolo, Directeur Marketing de MCZ Group.","robots":{"index":"index","follow":"follow","max-snippet":"max-snippet:-1","max-image-preview":"max-image-preview:large","max-video-preview":"max-video-preview:-1"},"canonical":"https:\/\/www.mczgroup.it\/fr\/presse\/interview-a-patricia-urquiola\/","og_locale":"fr_FR","og_type":"article","og_title":"Interview \u00e0 Patricia Urquiola - Mcz Group","og_description":"Penchons-nous plus en d\u00e9tail sur le projets du po\u00eale \u00e0 granul\u00e9s Wall, en nous entretenant avec les protagonistes directs, Patricia Urquiola et Andrea Brosolo, Directeur Marketing de MCZ Group.","og_url":"https:\/\/www.mczgroup.it\/fr\/presse\/interview-a-patricia-urquiola\/","og_site_name":"Mcz Group","article_published_time":"2020-01-24T08:47:43+00:00","article_modified_time":"2020-01-24T10:08:39+00:00","og_image":[{"width":930,"height":613,"url":"https:\/\/www.mczgroup.it\/wp-content\/uploads\/patricia_urquiola_mczgroup_ok.jpg","type":"image\/jpeg"}],"author":"Carlo","twitter_card":"summary_large_image","twitter_misc":{"\u00c9crit par":"Carlo","Dur\u00e9e de lecture estim\u00e9e":"1 minute"},"schema":{"@context":"https:\/\/schema.org","@graph":[{"@type":"WebPage","@id":"https:\/\/www.mczgroup.it\/fr\/presse\/interview-a-patricia-urquiola\/","url":"https:\/\/www.mczgroup.it\/fr\/presse\/interview-a-patricia-urquiola\/","name":"Interview \u00e0 Patricia Urquiola - Mcz Group","isPartOf":{"@id":"https:\/\/www.mczgroup.it\/it\/#website"},"datePublished":"2020-01-24T08:47:43+00:00","dateModified":"2020-01-24T10:08:39+00:00","author":{"@id":"https:\/\/www.mczgroup.it\/it\/#\/schema\/person\/3f011eaaf79d0cd37830317849726aa8"},"description":"Penchons-nous plus en d\u00e9tail sur le projets du po\u00eale \u00e0 granul\u00e9s Wall, en nous entretenant avec les protagonistes directs, Patricia Urquiola et Andrea Brosolo, Directeur Marketing de MCZ Group.","breadcrumb":{"@id":"https:\/\/www.mczgroup.it\/fr\/presse\/interview-a-patricia-urquiola\/#breadcrumb"},"inLanguage":"fr-FR","potentialAction":[{"@type":"ReadAction","target":["https:\/\/www.mczgroup.it\/fr\/presse\/interview-a-patricia-urquiola\/"]}]},{"@type":"BreadcrumbList","@id":"https:\/\/www.mczgroup.it\/fr\/presse\/interview-a-patricia-urquiola\/#breadcrumb","itemListElement":[{"@type":"ListItem","position":1,"name":"MCZ GROUP","item":"https:\/\/www.mczgroup.it\/fr\/"},{"@type":"ListItem","position":2,"name":"Presse","item":"https:\/\/www.mczgroup.it\/fr\/.\/presse\/"},{"@type":"ListItem","position":3,"name":"Interview \u00e0 Patricia Urquiola"}]},{"@type":"WebSite","@id":"https:\/\/www.mczgroup.it\/it\/#website","url":"https:\/\/www.mczgroup.it\/it\/","name":"Mcz Group","description":"","potentialAction":[{"@type":"SearchAction","target":{"@type":"EntryPoint","urlTemplate":"https:\/\/www.mczgroup.it\/it\/?s={search_term_string}"},"query-input":"required name=search_term_string"}],"inLanguage":"fr-FR"},{"@type":"Person","@id":"https:\/\/www.mczgroup.it\/it\/#\/schema\/person\/3f011eaaf79d0cd37830317849726aa8","name":"Carlo","image":{"@type":"ImageObject","inLanguage":"fr-FR","@id":"https:\/\/www.mczgroup.it\/it\/#\/schema\/person\/image\/","url":"https:\/\/secure.gravatar.com\/avatar\/b761613260a7f15c85eff1e4fbe696a5?s=96&d=mm&r=g","contentUrl":"https:\/\/secure.gravatar.com\/avatar\/b761613260a7f15c85eff1e4fbe696a5?s=96&d=mm&r=g","caption":"Carlo"}}]}},"_links":{"self":[{"href":"https:\/\/www.mczgroup.it\/fr\/wp-json\/wp\/v2\/posts\/2474"}],"collection":[{"href":"https:\/\/www.mczgroup.it\/fr\/wp-json\/wp\/v2\/posts"}],"about":[{"href":"https:\/\/www.mczgroup.it\/fr\/wp-json\/wp\/v2\/types\/post"}],"author":[{"embeddable":true,"href":"https:\/\/www.mczgroup.it\/fr\/wp-json\/wp\/v2\/users\/1"}],"replies":[{"embeddable":true,"href":"https:\/\/www.mczgroup.it\/fr\/wp-json\/wp\/v2\/comments?post=2474"}],"version-history":[{"count":5,"href":"https:\/\/www.mczgroup.it\/fr\/wp-json\/wp\/v2\/posts\/2474\/revisions"}],"predecessor-version":[{"id":2496,"href":"https:\/\/www.mczgroup.it\/fr\/wp-json\/wp\/v2\/posts\/2474\/revisions\/2496"}],"wp:featuredmedia":[{"embeddable":true,"href":"https:\/\/www.mczgroup.it\/fr\/wp-json\/wp\/v2\/media\/2469"}],"wp:attachment":[{"href":"https:\/\/www.mczgroup.it\/fr\/wp-json\/wp\/v2\/media?parent=2474"}],"wp:term":[{"taxonomy":"category","embeddable":true,"href":"https:\/\/www.mczgroup.it\/fr\/wp-json\/wp\/v2\/categories?post=2474"},{"taxonomy":"post_tag","embeddable":true,"href":"https:\/\/www.mczgroup.it\/fr\/wp-json\/wp\/v2\/tags?post=2474"}],"curies":[{"name":"wp","href":"https:\/\/api.w.org\/{rel}","templated":true}]}}